{"id":714,"date":"2025-01-06T14:10:08","date_gmt":"2025-01-06T14:10:08","guid":{"rendered":"https:\/\/maisondelaparole.alwaysdata.net\/?p=714"},"modified":"2025-01-06T14:10:08","modified_gmt":"2025-01-06T14:10:08","slug":"3-jours-de-retraite-du-18-au-22-fevrier-2025","status":"publish","type":"post","link":"https:\/\/maisondelaparole.alwaysdata.net\/index.php\/2025\/01\/06\/3-jours-de-retraite-du-18-au-22-fevrier-2025\/","title":{"rendered":"3 jours de retraite du 18 au 22 f\u00e9vrier 2025"},"content":{"rendered":"\n<p>\u00ab\u00a0Allons ailleurs\u00a0\u00bb<\/p>\n\n\n\n<p>Comme les disciples d&rsquo;Emma\u00fcs, on a souvent envie de dire au Christ : \u00ab\u00a0reste avec nous, il se fait tard\u00a0\u00bb. Mais il r\u00e9pond : \u00ab\u00a0allons ailleurs !\u00a0\u00bb anim\u00e9s par le p\u00e8re Rapha\u00ebl Buyse<\/p>\n\n\n\n<div class=\"wp-block-columns is-layout-flex wp-container-core-columns-is-layout-9d6595d7 wp-block-columns-is-layout-flex\">\n<div class=\"wp-block-column is-layout-flow wp-block-column-is-layout-flow\" style=\"flex-basis:100%\">\n<figure class=\"wp-block-gallery has-nested-images columns-default is-cropped wp-block-gallery-1 is-layout-flex wp-block-gallery-is-layout-flex\">\n<figure class=\"wp-block-image size-large\"><img loading=\"lazy\" decoding=\"async\" width=\"721\" height=\"1024\" data-id=\"716\" src=\"https:\/\/maisondelaparole.alwaysdata.net\/wp-content\/uploads\/2025\/01\/Triduum-du-18-au-22-fevrier-2024-1ere-page-1-721x1024.jpg\" alt=\"\" class=\"wp-image-716\" srcset=\"https:\/\/maisondelaparole.alwaysdata.net\/wp-content\/uploads\/2025\/01\/Triduum-du-18-au-22-fevrier-2024-1ere-page-1-721x1024.jpg 721w, https:\/\/maisondelaparole.alwaysdata.net\/wp-content\/uploads\/2025\/01\/Triduum-du-18-au-22-fevrier-2024-1ere-page-1-211x300.jpg 211w, https:\/\/maisondelaparole.alwaysdata.net\/wp-content\/uploads\/2025\/01\/Triduum-du-18-au-22-fevrier-2024-1ere-page-1-768x1090.jpg 768w, https:\/\/maisondelaparole.alwaysdata.net\/wp-content\/uploads\/2025\/01\/Triduum-du-18-au-22-fevrier-2024-1ere-page-1-1082x1536.jpg 1082w, https:\/\/maisondelaparole.alwaysdata.net\/wp-content\/uploads\/2025\/01\/Triduum-du-18-au-22-fevrier-2024-1ere-page-1.jpg 1409w\" sizes=\"auto, (max-width: 721px) 100vw, 721px\" \/><\/figure>\n\n\n\n<figure class=\"wp-block-image size-large\"><img loading=\"lazy\" decoding=\"async\" width=\"721\" height=\"1024\" data-id=\"717\" src=\"https:\/\/maisondelaparole.alwaysdata.net\/wp-content\/uploads\/2025\/01\/Triduum-du-18-au-fevrier-2eme-page-721x1024.jpg\" alt=\"\" class=\"wp-image-717\" srcset=\"https:\/\/maisondelaparole.alwaysdata.net\/wp-content\/uploads\/2025\/01\/Triduum-du-18-au-fevrier-2eme-page-721x1024.jpg 721w, https:\/\/maisondelaparole.alwaysdata.net\/wp-content\/uploads\/2025\/01\/Triduum-du-18-au-fevrier-2eme-page-211x300.jpg 211w, https:\/\/maisondelaparole.alwaysdata.net\/wp-content\/uploads\/2025\/01\/Triduum-du-18-au-fevrier-2eme-page-768x1090.jpg 768w, https:\/\/maisondelaparole.alwaysdata.net\/wp-content\/uploads\/2025\/01\/Triduum-du-18-au-fevrier-2eme-page-1082x1536.jpg 1082w, https:\/\/maisondelaparole.alwaysdata.net\/wp-content\/uploads\/2025\/01\/Triduum-du-18-au-fevrier-2eme-page.jpg 1409w\" sizes=\"auto, (max-width: 721px) 100vw, 721px\" \/><\/figure>\n<\/figure>\n<\/div>\n<\/div>\n","protected":false},"excerpt":{"rendered":"<p>\u00ab\u00a0Allons ailleurs\u00a0\u00bb Comme les disciples d&rsquo;Emma\u00fcs, on a souvent envie de dire au Christ : \u00ab\u00a0reste avec nous, il se fait tard\u00a0\u00bb. Mais il r\u00e9pond &hellip;<\/p>\n","protected":false},"author":1,"featured_media":718,"comment_status":"open","ping_status":"open","sticky":false,"template":"","format":"standard","meta":{"footnotes":""},"categories":[17],"tags":[],"class_list":["post-714","post","type-post","status-publish","format-standard","has-post-thumbnail","hentry","category-actualite"],"_links":{"self":[{"href":"https:\/\/maisondelaparole.alwaysdata.net\/index.php\/wp-json\/wp\/v2\/posts\/714","targetHints":{"allow":["GET"]}}],"collection":[{"href":"https:\/\/maisondelaparole.alwaysdata.net\/index.php\/wp-json\/wp\/v2\/posts"}],"about":[{"href":"https:\/\/maisondelaparole.alwaysdata.net\/index.php\/wp-json\/wp\/v2\/types\/post"}],"author":[{"embeddable":true,"href":"https:\/\/maisondelaparole.alwaysdata.net\/index.php\/wp-json\/wp\/v2\/users\/1"}],"replies":[{"embeddable":true,"href":"https:\/\/maisondelaparole.alwaysdata.net\/index.php\/wp-json\/wp\/v2\/comments?post=714"}],"version-history":[{"count":1,"href":"https:\/\/maisondelaparole.alwaysdata.net\/index.php\/wp-json\/wp\/v2\/posts\/714\/revisions"}],"predecessor-version":[{"id":719,"href":"https:\/\/maisondelaparole.alwaysdata.net\/index.php\/wp-json\/wp\/v2\/posts\/714\/revisions\/719"}],"wp:featuredmedia":[{"embeddable":true,"href":"https:\/\/maisondelaparole.alwaysdata.net\/index.php\/wp-json\/wp\/v2\/media\/718"}],"wp:attachment":[{"href":"https:\/\/maisondelaparole.alwaysdata.net\/index.php\/wp-json\/wp\/v2\/media?parent=714"}],"wp:term":[{"taxonomy":"category","embeddable":true,"href":"https:\/\/maisondelaparole.alwaysdata.net\/index.php\/wp-json\/wp\/v2\/categories?post=714"},{"taxonomy":"post_tag","embeddable":true,"href":"https:\/\/maisondelaparole.alwaysdata.net\/index.php\/wp-json\/wp\/v2\/tags?post=714"}],"curies":[{"name":"wp","href":"https:\/\/api.w.org\/{rel}","templated":true}]}}